{"id":2379,"date":"2022-02-19T14:14:48","date_gmt":"2022-02-19T13:14:48","guid":{"rendered":"https:\/\/sp-ps-biel-bienne.ch\/?p=2379"},"modified":"2024-07-18T20:04:07","modified_gmt":"2024-07-18T18:04:07","slug":"faisons-de-bienne-la-ville-du-velo-une-offensive-velo","status":"publish","type":"post","link":"https:\/\/sp-ps-biel-bienne.ch\/fr\/blog\/2022\/02\/19\/faisons-de-bienne-la-ville-du-velo-une-offensive-velo\/","title":{"rendered":"Faisons de Bienne la ville du v\u00e9lo : une offensive v\u00e9lo!"},"content":{"rendered":"\n<p>Le PS Bienne a adopt\u00e9 une r\u00e9solution pour une offensive v\u00e9lo.<\/p>\n\n\n\n<p>T\u00e9<a href=\"https:\/\/sp-ps-biel-bienne.ch\/wp-content\/uploads\/sites\/38\/2022\/02\/Resolution_FR.pdf\" target=\"_blank\" rel=\"noreferrer noopener\">l\u00e9charger la r\u00e9solution ici<\/a><\/p>\n\n\n\n<p><a href=\"https:\/\/sp-ps-biel-bienne.ch\/wp-content\/uploads\/sites\/38\/2022\/02\/Communique-de-presse.pdf\" target=\"_blank\" rel=\"noreferrer noopener\">T\u00e9l\u00e9charger ici le communiqu\u00e9 de presse<\/a><\/p>\n","protected":false},"excerpt":{"rendered":"<p>Le PS Bienne a adopt\u00e9 une r\u00e9solution pour une offensive v\u00e9lo. T\u00e9l\u00e9charger la r\u00e9solution ici T\u00e9l\u00e9charger ici le communiqu\u00e9 de presse<\/p>\n","protected":false},"author":56,"featured_media":2368,"comment_status":"open","ping_status":"closed","sticky":false,"template":"","format":"standard","meta":{"footnotes":""},"categories":[1],"tags":[],"cpt-channel":[],"class_list":["post-2379","post","type-post","status-publish","format-standard","has-post-thumbnail","hentry","category-unkategorisiert"],"_links":{"self":[{"href":"https:\/\/sp-ps-biel-bienne.ch\/fr\/wp-json\/wp\/v2\/posts\/2379","targetHints":{"allow":["GET"]}}],"collection":[{"href":"https:\/\/sp-ps-biel-bienne.ch\/fr\/wp-json\/wp\/v2\/posts"}],"about":[{"href":"https:\/\/sp-ps-biel-bienne.ch\/fr\/wp-json\/wp\/v2\/types\/post"}],"author":[{"embeddable":true,"href":"https:\/\/sp-ps-biel-bienne.ch\/fr\/wp-json\/wp\/v2\/users\/56"}],"replies":[{"embeddable":true,"href":"https:\/\/sp-ps-biel-bienne.ch\/fr\/wp-json\/wp\/v2\/comments?post=2379"}],"version-history":[{"count":1,"href":"https:\/\/sp-ps-biel-bienne.ch\/fr\/wp-json\/wp\/v2\/posts\/2379\/revisions"}],"predecessor-version":[{"id":90093,"href":"https:\/\/sp-ps-biel-bienne.ch\/fr\/wp-json\/wp\/v2\/posts\/2379\/revisions\/90093"}],"wp:featuredmedia":[{"embeddable":true,"href":"https:\/\/sp-ps-biel-bienne.ch\/fr\/wp-json\/wp\/v2\/media\/2368"}],"wp:attachment":[{"href":"https:\/\/sp-ps-biel-bienne.ch\/fr\/wp-json\/wp\/v2\/media?parent=2379"}],"wp:term":[{"taxonomy":"category","embeddable":true,"href":"https:\/\/sp-ps-biel-bienne.ch\/fr\/wp-json\/wp\/v2\/categories?post=2379"},{"taxonomy":"post_tag","embeddable":true,"href":"https:\/\/sp-ps-biel-bienne.ch\/fr\/wp-json\/wp\/v2\/tags?post=2379"},{"taxonomy":"cpt-channel","embeddable":true,"href":"https:\/\/sp-ps-biel-bienne.ch\/fr\/wp-json\/wp\/v2\/cpt-channel?post=2379"}],"curies":[{"name":"wp","href":"https:\/\/api.w.org\/{rel}","templated":true}]}}