{"id":2330,"date":"2021-11-16T22:14:36","date_gmt":"2021-11-16T21:14:36","guid":{"rendered":"https:\/\/sp-ps-biel-bienne.ch\/?p=2330"},"modified":"2024-07-18T20:04:14","modified_gmt":"2024-07-18T18:04:14","slug":"bienne-sera-t-elle-bientot-en-faillite","status":"publish","type":"post","link":"https:\/\/sp-ps-biel-bienne.ch\/fr\/blog\/2021\/11\/16\/bienne-sera-t-elle-bientot-en-faillite\/","title":{"rendered":"Bienne sera-t-elle bient\u00f4t en faillite?"},"content":{"rendered":"\n<p>Juli\u00e1n Rodriguez Ugolini, Conseiller de ville, SP:PS novembre 2021<\/p>\n\n\n\n<p><strong>Les difficult\u00e9s financi\u00e8res de Bienne sont le r\u00e9sultat des politiques fiscales bourgeoises au niveau cantonal et national. \u00c0 quel point la situation est-elle grave? Et comment pouvons-nous en sortir?<\/strong><\/p>\n\n\n\n<p>Ce n\u2019est pas un hasard si la ville de Bienne rencontre des difficult\u00e9s financi\u00e8res. Le d\u00e9ficit actuel s\u2019inscrit dans une spirale de la politique bourgeoise qui dure depuis des d\u00e9cennies et vise \u00e0 miner l\u2019\u00c9tat. Au niveau national et cantonal, des cadeaux fiscaux aux entreprises sont d\u00e9cid\u00e9s et le syst\u00e8me de p\u00e9r\u00e9quation financi\u00e8re et le partage solidaire des charges s\u2019en retrouvent affaiblis. De plus, le canton de Berne transf\u00e8re de plus en plus de t\u00e2ches aux communes et aux villes et participe de moins en moins aux co\u00fbts. Bienne est particuli\u00e8rement touch\u00e9e par ces mesures en raison de charges de centre urbain \u00e9lev\u00e9es, de la pr\u00e9sence de nombreuses entreprises, et d\u2019une proportion de personnes ais\u00e9es en dessous de la moyenne des autres villes suisses.<\/p>\n\n\n\n<p>La loi f\u00e9d\u00e9rale de septembre 2018 sur la r\u00e9forme fiscale et le financement de l\u2019AVS (RFFA) a cr\u00e9\u00e9 de nouvelles \u00e9chappatoires fiscales pour les entreprises, elle a \u00e9t\u00e9 particuli\u00e8rement d\u00e9vastatrice. Les compensations promises par le gouvernement f\u00e9d\u00e9ral se sont av\u00e9r\u00e9es bien trop faibles et le canton n\u2019a pratiquement rien donn\u00e9 aux villes. L\u2019UDC s\u2019acharne contre les villes depuis des d\u00e9cennies. Tant que les majorit\u00e9s au niveau cantonal et national ne changent pas, cette politique continuera. Les prochains cadeaux fiscaux aux grandes entreprises sont d\u00e9j\u00e0 en cours de planification.<\/p>\n\n\n\n<p>Environ la moiti\u00e9 des 30 millions de francs qui manquent \u00e0 la ville de Bienne pour 2022 sont des pertes fiscales li\u00e9es au Corona virus. Une partie consid\u00e9rable des 15 millions restants est due aux cadeaux fiscaux de la RFFA et de la r\u00e9forme de l\u2019imposition des entreprises II. Ces d\u00e9ficits doivent \u00eatre couverts par les r\u00e9serves de la ville. Si rien ne change, les r\u00e9serves ordinaires seront \u00e9puis\u00e9es en 2025 et les r\u00e9serves affect\u00e9es devront \u00eatre lib\u00e9r\u00e9es. Si ces r\u00e9serves sont \u00e9galement \u00e9puis\u00e9es, le canton de Berne prendrait le relais et, en plus d\u2019une augmentation des imp\u00f4ts, il ordonnerait probablement aussi \u00e0 la ville de r\u00e9duire de nombreuses d\u00e9penses dans le secteur socioculturel. Les r\u00e9serves sont faites pour traverser les p\u00e9riodes de crise, et il est juste de les utiliser durant la crise sanitaire actuelle. Le probl\u00e8me est que m\u00eame sans la pand\u00e9mie les r\u00e9serves diminueraient.<\/p>\n\n\n\n<p>Il est donc clair que des mesures sont n\u00e9cessaires. Dans l\u2019administration, le citron a d\u00e9j\u00e0 \u00e9t\u00e9 press\u00e9. Bienne compte d\u00e9j\u00e0 proportionnellement moins de personnel que les autres villes et elle aurait besoin de beaucoup plus d\u2019emplois. En outre, il ne faut pas couper dans les activit\u00e9s culturelles, sociales et sportives, car Bienne a un probl\u00e8me de recettes et non de d\u00e9penses. Juli\u00e1n Rodriguez Ugolini Stadtrat Conseiller de ville Bienne sera-t-elle bient\u00f4t en faillite?<\/p>\n\n\n\n<p>D\u2019une part, le syst\u00e8me de la p\u00e9r\u00e9quation financi\u00e8re doit changer. La croissance d\u00e9mographique peut \u00e9galement contribuer \u00e0 r\u00e9partir les co\u00fbts fixes entre un plus grand nombre de contribuables. Toutefois, cela ne sera pas suffisant et cela ne peut \u00eatre d\u00e9cid\u00e9 par la seule ville de Bienne. D\u2019autre part, il faut envisager des investissements plus importants qui g\u00e9n\u00e8rent des revenus dans le long terme. Nous demandons des investissements dans la construction et l\u2019achat de biens immobiliers r\u00e9sidentiels et commerciaux, comme le font d\u2019autres villes. Pour r\u00e9aliser ces investissements, Bienne peut s\u2019endetter sans puiser dans ses r\u00e9serves, car la ville dispose d\u2019un patrimoine tr\u00e8s important et b\u00e9n\u00e9ficie de taux d\u2019int\u00e9r\u00eat tr\u00e8s bas.<\/p>\n\n\n\n<p>Toutefois, ces investissements ne porteraient leurs fruits qu\u2019\u00e0 moyen terme. En attendant, malheureusement, nous ne pourrons probable ment pas contourner une augmentation des imp\u00f4ts. Ces derni\u00e8res ann\u00e9es, ce sont presque exclusivement les entreprises qui ont b\u00e9n\u00e9fici\u00e9 de r\u00e9ductions d\u2019imp\u00f4ts, il serait juste d\u2019augmenter les imp\u00f4ts sur les b\u00e9n\u00e9fices des entreprises plut\u00f4t que ceux de la population active.<\/p>\n","protected":false},"excerpt":{"rendered":"<p>Juli\u00e1n Rodriguez Ugolini, Conseiller de ville, SP:PS novembre 2021 Les difficult\u00e9s financi\u00e8res de Bienne sont le r\u00e9sultat des politiques fiscales bourgeoises au niveau cantonal et national. \u00c0 quel point la [&hellip;]<\/p>\n","protected":false},"author":56,"featured_media":2331,"comment_status":"open","ping_status":"closed","sticky":false,"template":"","format":"standard","meta":{"footnotes":""},"categories":[2],"tags":[],"cpt-channel":[],"class_list":["post-2330","post","type-post","status-publish","format-standard","has-post-thumbnail","hentry","category-non-classifiee"],"_links":{"self":[{"href":"https:\/\/sp-ps-biel-bienne.ch\/fr\/wp-json\/wp\/v2\/posts\/2330","targetHints":{"allow":["GET"]}}],"collection":[{"href":"https:\/\/sp-ps-biel-bienne.ch\/fr\/wp-json\/wp\/v2\/posts"}],"about":[{"href":"https:\/\/sp-ps-biel-bienne.ch\/fr\/wp-json\/wp\/v2\/types\/post"}],"author":[{"embeddable":true,"href":"https:\/\/sp-ps-biel-bienne.ch\/fr\/wp-json\/wp\/v2\/users\/56"}],"replies":[{"embeddable":true,"href":"https:\/\/sp-ps-biel-bienne.ch\/fr\/wp-json\/wp\/v2\/comments?post=2330"}],"version-history":[{"count":1,"href":"https:\/\/sp-ps-biel-bienne.ch\/fr\/wp-json\/wp\/v2\/posts\/2330\/revisions"}],"predecessor-version":[{"id":90097,"href":"https:\/\/sp-ps-biel-bienne.ch\/fr\/wp-json\/wp\/v2\/posts\/2330\/revisions\/90097"}],"wp:featuredmedia":[{"embeddable":true,"href":"https:\/\/sp-ps-biel-bienne.ch\/fr\/wp-json\/wp\/v2\/media\/2331"}],"wp:attachment":[{"href":"https:\/\/sp-ps-biel-bienne.ch\/fr\/wp-json\/wp\/v2\/media?parent=2330"}],"wp:term":[{"taxonomy":"category","embeddable":true,"href":"https:\/\/sp-ps-biel-bienne.ch\/fr\/wp-json\/wp\/v2\/categories?post=2330"},{"taxonomy":"post_tag","embeddable":true,"href":"https:\/\/sp-ps-biel-bienne.ch\/fr\/wp-json\/wp\/v2\/tags?post=2330"},{"taxonomy":"cpt-channel","embeddable":true,"href":"https:\/\/sp-ps-biel-bienne.ch\/fr\/wp-json\/wp\/v2\/cpt-channel?post=2330"}],"curies":[{"name":"wp","href":"https:\/\/api.w.org\/{rel}","templated":true}]}}