{"id":2322,"date":"2021-11-16T22:06:35","date_gmt":"2021-11-16T21:06:35","guid":{"rendered":"https:\/\/sp-ps-biel-bienne.ch\/?p=2322"},"modified":"2024-07-18T20:04:16","modified_gmt":"2024-07-18T18:04:16","slug":"pourquoi-le-canton-de-berne-a-besoin-dun-gouvernement-de-gauche","status":"publish","type":"post","link":"https:\/\/sp-ps-biel-bienne.ch\/fr\/blog\/2021\/11\/16\/pourquoi-le-canton-de-berne-a-besoin-dun-gouvernement-de-gauche\/","title":{"rendered":"Pourquoi le canton de Berne a besoin d\u2019un gouvernement de gauche"},"content":{"rendered":"\n<p>Erich Fehr, Maire de Bienne et candidat \u00e0 l&#8217;\u00e9lection au Conseil-ex\u00e9cutif, SP:PS novembre 2021<\/p>\n\n\n\n<p>Lors du passage du XIXe au XXe si\u00e8cle, le canton de Berne \u00e9tait \u00e0 la pointe du progr\u00e8s technologique. Les FMB venaient d\u2019\u00eatre fond\u00e9es posant ainsi les bases du d\u00e9veloppement industriel gr\u00e2ce \u00e0 une \u00e9lectrification rapide. Des locomotives \u00e9lectriques circulaient d\u00e9j\u00e0 sur le L\u00f6tschberg alors que celles du Gotthard sifflaient encore de la vapeur. Ensuite, il y a environ 100 ans, l\u2019influence politique croissante du pr\u00e9curseur de l\u2019UDC, le PAB (Paysans, artisans et bourgeois), a pris son envol sous la direction de Rudolf Minger, transformant ainsi Berne en un canton anti- d\u00e9veloppement, r\u00e9trograde et \u00e0 dominante agrarienne. Nous souffrons tous aujourd\u2019hui encore des cons\u00e9quences de cette politique. Il n\u2019\u00e9tait pas n\u00e9cessaire qu\u2019il en soit ainsi &#8211; et il n\u2019est certainement pas n\u00e9cessaire que cela continue.<\/p>\n\n\n\n<p>Si nous voulons ma\u00eetriser les d\u00e9fis futurs, le canton de Berne doit \u00e0 nouveau se transformer en un canton innovant et conscient de l\u2019importance de l\u2019industrie. Un canton d\u2019environ un million d\u2019habitants a besoin d\u2019emplois dans l\u2019industrie et le commerce pour que chacun puisse trouver un travail qui lui permette de mener une vie digne et autonome.<\/p>\n\n\n\n<blockquote class=\"wp-block-quote is-layout-flow wp-block-quote-is-layout-flow\"><p>Nous ne pourrons ralentir le changement climatique qu\u2019avec le d\u00e9veloppement de technologies innovantes et durables.<\/p><\/blockquote>\n\n\n\n<p>Les r\u00e9glementations et les interdictions seules ne fonctionneront pas, car elles ne sont pas suffisamment accept\u00e9es.<\/p>\n\n\n\n<p>Les chiffres actuels montrent qu\u2019en se concentrant sur l\u2019objectif \u00abz\u00e9ro \u00e9mission nette\u00bb d\u2019ici 2050, plus de 50000 emplois peuvent \u00eatre cr\u00e9\u00e9s dans toute la Suisse. C\u2019est une formidable opportunit\u00e9! Le plus grand nombre possible de ces emplois doit \u00eatre cr\u00e9\u00e9 dans le canton de Berne! Pour cela, nous avons besoin d\u2019un environnement qui stimule et soutient les investissements dans les technologies vertes. Des efforts ont \u00e9t\u00e9 d\u00e9ploy\u00e9s dans ce sens depuis longtemps. Mais trop souvent, ils sont bloqu\u00e9s par cet \u00abesprit PAB\u00bb bourgeois et r\u00e9trograde qui perdure encore aujourd\u2019hui. C\u2019est la raison pour laquelle nous avons besoin d\u2019une majorit\u00e9 de gauche au Conseil-ex\u00e9cutif l\u2019ann\u00e9e prochaine et je veux en faire partie!<\/p>\n","protected":false},"excerpt":{"rendered":"<p>Erich Fehr, Maire de Bienne et candidat \u00e0 l&#8217;\u00e9lection au Conseil-ex\u00e9cutif, SP:PS novembre 2021 Lors du passage du XIXe au XXe si\u00e8cle, le canton de Berne \u00e9tait \u00e0 la pointe [&hellip;]<\/p>\n","protected":false},"author":56,"featured_media":90084,"comment_status":"open","ping_status":"closed","sticky":false,"template":"","format":"standard","meta":{"footnotes":""},"categories":[2],"tags":[],"cpt-channel":[],"class_list":["post-2322","post","type-post","status-publish","format-standard","has-post-thumbnail","hentry","category-non-classifiee"],"_links":{"self":[{"href":"https:\/\/sp-ps-biel-bienne.ch\/fr\/wp-json\/wp\/v2\/posts\/2322","targetHints":{"allow":["GET"]}}],"collection":[{"href":"https:\/\/sp-ps-biel-bienne.ch\/fr\/wp-json\/wp\/v2\/posts"}],"about":[{"href":"https:\/\/sp-ps-biel-bienne.ch\/fr\/wp-json\/wp\/v2\/types\/post"}],"author":[{"embeddable":true,"href":"https:\/\/sp-ps-biel-bienne.ch\/fr\/wp-json\/wp\/v2\/users\/56"}],"replies":[{"embeddable":true,"href":"https:\/\/sp-ps-biel-bienne.ch\/fr\/wp-json\/wp\/v2\/comments?post=2322"}],"version-history":[{"count":1,"href":"https:\/\/sp-ps-biel-bienne.ch\/fr\/wp-json\/wp\/v2\/posts\/2322\/revisions"}],"predecessor-version":[{"id":90098,"href":"https:\/\/sp-ps-biel-bienne.ch\/fr\/wp-json\/wp\/v2\/posts\/2322\/revisions\/90098"}],"wp:featuredmedia":[{"embeddable":true,"href":"https:\/\/sp-ps-biel-bienne.ch\/fr\/wp-json\/wp\/v2\/media\/90084"}],"wp:attachment":[{"href":"https:\/\/sp-ps-biel-bienne.ch\/fr\/wp-json\/wp\/v2\/media?parent=2322"}],"wp:term":[{"taxonomy":"category","embeddable":true,"href":"https:\/\/sp-ps-biel-bienne.ch\/fr\/wp-json\/wp\/v2\/categories?post=2322"},{"taxonomy":"post_tag","embeddable":true,"href":"https:\/\/sp-ps-biel-bienne.ch\/fr\/wp-json\/wp\/v2\/tags?post=2322"},{"taxonomy":"cpt-channel","embeddable":true,"href":"https:\/\/sp-ps-biel-bienne.ch\/fr\/wp-json\/wp\/v2\/cpt-channel?post=2322"}],"curies":[{"name":"wp","href":"https:\/\/api.w.org\/{rel}","templated":true}]}}