{"id":2298,"date":"2021-11-16T21:31:07","date_gmt":"2021-11-16T20:31:07","guid":{"rendered":"https:\/\/sp-ps-biel-bienne.ch\/?p=2298"},"modified":"2024-07-18T20:04:22","modified_gmt":"2024-07-18T18:04:22","slug":"la-politique-cantonale-est-cruciale-pour-bienne-decidons-ensemble","status":"publish","type":"post","link":"https:\/\/sp-ps-biel-bienne.ch\/fr\/blog\/2021\/11\/16\/la-politique-cantonale-est-cruciale-pour-bienne-decidons-ensemble\/","title":{"rendered":"La politique cantonale est cruciale pour Bienne \u2014 d\u00e9cidons ensemble!"},"content":{"rendered":"\n<p>Anna Tanner, Conseill\u00e8re de ville, SP:PS novembre 2021<\/p>\n\n\n\n<p>Notre vie de Biennois.es est fortement influenc\u00e9e par la politique cantonale. Pourtant, le taux de participation aux \u00e9lections cantonales \u00e0 Bienne est toujours tr\u00e8s faible. Cela limite fortement l\u2019influence de la ville de Bienne dans les d\u00e9cisions politiques. En mars, nous avons la possibilit\u00e9 de changer cela gr\u00e2ce aux \u00e9lections du Grand Conseil et du Conseil-ex\u00e9cutif!<\/p>\n\n\n\n<p>Comme pour le droit de vote des femmes, de nombreuses questions importantes sont d\u2019abord discut\u00e9es au niveau cantonal, puis elles arrivent \u00e0 l\u2019agenda politique national. Les d\u00e9cisions prises au niveau national impactent \u00e0 leur tour directement la politique communale. C\u2019\u00e9tait le cas pour le suffrage des femmes et c\u2019est ce que nous essayons de faire actuellement avec le droit de vote pour les personnes sans passeport suisse. En avril 2021, le PS a \u00e9galement pu soumettre avec succ\u00e8s l\u2019initiative populaire pour le cong\u00e9 parental au niveau cantonal. Cette question sera maintenant trait\u00e9e par le Grand Conseil, puis soumise au vote du peuple.<\/p>\n\n\n\n<p>D\u2019autres revendications importantes sont celles d\u2019une politique d\u2019asile \u00e0 visage humain et la d\u00e9fense de la dignit\u00e9 des personnes touch\u00e9es par la pauvret\u00e9. Les bases l\u00e9gales de l\u2019aide sociale et de l\u2019organisation des centres d\u2019asile sont entre les mains du canton. La question de savoir si nous recevons des ressources financi\u00e8res suffisantes pour la culture, l\u2019\u00e9ducation ou les soins de sant\u00e9 est \u00e9galement dans les mains des parlementaires cantonaux. Un soutien accru \u00e0 la protection du climat peut m\u00eame \u00eatre obtenu \u00e0 ce niveau, comme l\u2019a montr\u00e9 la derni\u00e8re votation cantonale sur l\u2019article de protection du climat.<\/p>\n\n\n\n<p>Bien que la politique cantonale soit si importante pour notre quotidien, la participation \u00e9lectorale \u00e0 Bienne en 2018 n\u2019a \u00e9t\u00e9 que de 24%. En comparaison, la moyenne cantonale \u00e9tait de 30%. Pour que nous, Biennois.es, ayons une repr\u00e9sentation forte dans le canton de Berne, cela doit changer! Chaque vote compte. Le PS de Bienne souhaite s\u2019engager pour la solidarit\u00e9 et le progr\u00e8s dans le canton \u2014 cela n\u2019est possible qu\u2019avec votre voix!<\/p>\n","protected":false},"excerpt":{"rendered":"<p>Anna Tanner, Conseill\u00e8re de ville, SP:PS novembre 2021 Notre vie de Biennois.es est fortement influenc\u00e9e par la politique cantonale. Pourtant, le taux de participation aux \u00e9lections cantonales \u00e0 Bienne est [&hellip;]<\/p>\n","protected":false},"author":56,"featured_media":2295,"comment_status":"open","ping_status":"closed","sticky":false,"template":"","format":"standard","meta":{"footnotes":""},"categories":[2],"tags":[],"cpt-channel":[],"class_list":["post-2298","post","type-post","status-publish","format-standard","has-post-thumbnail","hentry","category-non-classifiee"],"_links":{"self":[{"href":"https:\/\/sp-ps-biel-bienne.ch\/fr\/wp-json\/wp\/v2\/posts\/2298","targetHints":{"allow":["GET"]}}],"collection":[{"href":"https:\/\/sp-ps-biel-bienne.ch\/fr\/wp-json\/wp\/v2\/posts"}],"about":[{"href":"https:\/\/sp-ps-biel-bienne.ch\/fr\/wp-json\/wp\/v2\/types\/post"}],"author":[{"embeddable":true,"href":"https:\/\/sp-ps-biel-bienne.ch\/fr\/wp-json\/wp\/v2\/users\/56"}],"replies":[{"embeddable":true,"href":"https:\/\/sp-ps-biel-bienne.ch\/fr\/wp-json\/wp\/v2\/comments?post=2298"}],"version-history":[{"count":1,"href":"https:\/\/sp-ps-biel-bienne.ch\/fr\/wp-json\/wp\/v2\/posts\/2298\/revisions"}],"predecessor-version":[{"id":90100,"href":"https:\/\/sp-ps-biel-bienne.ch\/fr\/wp-json\/wp\/v2\/posts\/2298\/revisions\/90100"}],"wp:featuredmedia":[{"embeddable":true,"href":"https:\/\/sp-ps-biel-bienne.ch\/fr\/wp-json\/wp\/v2\/media\/2295"}],"wp:attachment":[{"href":"https:\/\/sp-ps-biel-bienne.ch\/fr\/wp-json\/wp\/v2\/media?parent=2298"}],"wp:term":[{"taxonomy":"category","embeddable":true,"href":"https:\/\/sp-ps-biel-bienne.ch\/fr\/wp-json\/wp\/v2\/categories?post=2298"},{"taxonomy":"post_tag","embeddable":true,"href":"https:\/\/sp-ps-biel-bienne.ch\/fr\/wp-json\/wp\/v2\/tags?post=2298"},{"taxonomy":"cpt-channel","embeddable":true,"href":"https:\/\/sp-ps-biel-bienne.ch\/fr\/wp-json\/wp\/v2\/cpt-channel?post=2298"}],"curies":[{"name":"wp","href":"https:\/\/api.w.org\/{rel}","templated":true}]}}