{"id":2286,"date":"2021-11-16T21:17:25","date_gmt":"2021-11-16T20:17:25","guid":{"rendered":"https:\/\/sp-ps-biel-bienne.ch\/?p=2286"},"modified":"2024-07-18T20:04:25","modified_gmt":"2024-07-18T18:04:25","slug":"une-nouvelle-vie-dans-lancien-abattoir","status":"publish","type":"post","link":"https:\/\/sp-ps-biel-bienne.ch\/fr\/blog\/2021\/11\/16\/une-nouvelle-vie-dans-lancien-abattoir\/","title":{"rendered":"Une nouvelle vie dans l\u2019ancien abattoir"},"content":{"rendered":"\n<p>Julian Meier, Responsable de campagne \u00e9lections du Grand Conseil 2022, SP:PS novembre 2021<\/p>\n\n\n\n<p>Des copeaux de bois volent \u00e0 c\u00f4t\u00e9 des voitures gar\u00e9es: le sculpteur sur bois Christian Ryter est au travail. Juste en face, une cliente vient chercher son vin \u00e0 la Cave des Gourmets. Peu de temps apr\u00e8s, ils doivent faire de la place: Tout un convoi de voitures de travail de la pl\u00e2tri\u00e8re Baronello se dirige par \u00e0-coups vers les chantiers. Le site de l\u2019abattoir \u00e0 Bienne est anim\u00e9 &#8211; et pourtant il ne l\u2019est pas. L\u2019ensemble de la zone est actuellement lou\u00e9 par le D\u00e9partement des immeubles de la Ville de Bienne \u00e0 des utilisateurs int\u00e9rimaires, principalement comme espace de stockage et de stationnement.<\/p>\n\n\n\n<p>Il ne faut pas beaucoup pour imaginer un espace public vivant ici. Un bistrot, des ateliers et des salles d\u2019exposition, un petit cin\u00e9ma dans ces halles \u00e0 l\u2019architecture impressionnante? Et \u00e0 la place de ce b\u00e9ton gris, la Suze restaur\u00e9e qui insuffle une nouvelle vie \u00e0 la zone.<\/p>\n\n\n\n<p>Le potentiel de ce site de 8000m2, peu connu jusqu\u2019\u00e0 pr\u00e9sent, est \u00e9vident. Au vu de l\u2019emplacement &#8211; \u00e0 quelques pas de la gare et au milieu du p\u00f4le de d\u00e9veloppement au sud de la gare &#8211; on se demande incr\u00e9dule: une si belle surface pour un parking et un espace de stockage?<\/p>\n\n\n\n<p>L\u2019association du centre culturel des abattoirs, fond\u00e9 au printemps, fait campagne pour une utilisation publique permanente du site. Avec l\u2019abandon d\u00e9finitif de l\u2019axe ouest, il existe une opportunit\u00e9 historique de fa\u00e7onner le d\u00e9veloppement de ce site de mani\u00e8re participative. Ces derniers mois, la culture s\u2019est d\u00e9j\u00e0 install\u00e9e: une oeuvre d\u2019art de Ritzwirth sur la Kulturparkplatz, une piste de boules pop-up, une ronde de discussion sur le d\u00e9veloppement urbain et un cin\u00e9ma en plein air. Le vif int\u00e9r\u00eat suscit\u00e9 par les \u00e9v\u00e9nements organis\u00e9s par le GI en t\u00e9moigne: Bienne a besoin d\u2019un espace ouvert et d\u2019un centre culturel public dans l\u2019ancien abattoir.<\/p>\n","protected":false},"excerpt":{"rendered":"<p>Julian Meier, Responsable de campagne \u00e9lections du Grand Conseil 2022, SP:PS novembre 2021 Des copeaux de bois volent \u00e0 c\u00f4t\u00e9 des voitures gar\u00e9es: le sculpteur sur bois Christian Ryter est [&hellip;]<\/p>\n","protected":false},"author":56,"featured_media":2283,"comment_status":"open","ping_status":"closed","sticky":false,"template":"","format":"standard","meta":{"footnotes":""},"categories":[2],"tags":[],"cpt-channel":[],"class_list":["post-2286","post","type-post","status-publish","format-standard","has-post-thumbnail","hentry","category-non-classifiee"],"_links":{"self":[{"href":"https:\/\/sp-ps-biel-bienne.ch\/fr\/wp-json\/wp\/v2\/posts\/2286","targetHints":{"allow":["GET"]}}],"collection":[{"href":"https:\/\/sp-ps-biel-bienne.ch\/fr\/wp-json\/wp\/v2\/posts"}],"about":[{"href":"https:\/\/sp-ps-biel-bienne.ch\/fr\/wp-json\/wp\/v2\/types\/post"}],"author":[{"embeddable":true,"href":"https:\/\/sp-ps-biel-bienne.ch\/fr\/wp-json\/wp\/v2\/users\/56"}],"replies":[{"embeddable":true,"href":"https:\/\/sp-ps-biel-bienne.ch\/fr\/wp-json\/wp\/v2\/comments?post=2286"}],"version-history":[{"count":1,"href":"https:\/\/sp-ps-biel-bienne.ch\/fr\/wp-json\/wp\/v2\/posts\/2286\/revisions"}],"predecessor-version":[{"id":90102,"href":"https:\/\/sp-ps-biel-bienne.ch\/fr\/wp-json\/wp\/v2\/posts\/2286\/revisions\/90102"}],"wp:featuredmedia":[{"embeddable":true,"href":"https:\/\/sp-ps-biel-bienne.ch\/fr\/wp-json\/wp\/v2\/media\/2283"}],"wp:attachment":[{"href":"https:\/\/sp-ps-biel-bienne.ch\/fr\/wp-json\/wp\/v2\/media?parent=2286"}],"wp:term":[{"taxonomy":"category","embeddable":true,"href":"https:\/\/sp-ps-biel-bienne.ch\/fr\/wp-json\/wp\/v2\/categories?post=2286"},{"taxonomy":"post_tag","embeddable":true,"href":"https:\/\/sp-ps-biel-bienne.ch\/fr\/wp-json\/wp\/v2\/tags?post=2286"},{"taxonomy":"cpt-channel","embeddable":true,"href":"https:\/\/sp-ps-biel-bienne.ch\/fr\/wp-json\/wp\/v2\/cpt-channel?post=2286"}],"curies":[{"name":"wp","href":"https:\/\/api.w.org\/{rel}","templated":true}]}}