{"id":1896,"date":"2020-09-03T17:20:22","date_gmt":"2020-09-03T17:20:22","guid":{"rendered":"https:\/\/sp-ps-biel-bienne.ch\/?p=1896"},"modified":"2020-09-03T17:20:22","modified_gmt":"2020-09-03T17:20:22","slug":"oui-au-conge-de-paternite-pour-ulysse","status":"publish","type":"post","link":"https:\/\/sp-ps-biel-bienne.ch\/fr\/blog\/2020\/09\/03\/oui-au-conge-de-paternite-pour-ulysse\/","title":{"rendered":"Oui au cong\u00e9 de paternit\u00e9 pour Ulysse"},"content":{"rendered":"\n<p>Il n&#8217;est pas si facile de se d\u00e9barrasser de cette histoire vieille de trois mille ans, qui a commenc\u00e9 dans la Gr\u00e8ce antique et qui, depuis lors, paralyse nos esprits et nos \u00e9crits. C&#8217;est une histoire de h\u00e9ros qui conqui\u00e8rent Troie et vivent les aventures les plus folles sur le chemin du retour, comme celle d\u2019Ulysse. Et c&#8217;est une histoire de femmes invisibles, qui donnent naissance, nourrissent et changent les couches, pour se retirer au moment o\u00f9 leurs fils, futurs h\u00e9ros n\u2019ont plus besoin d\u2019elles. Une histoire comme celle de P\u00e9n\u00e9lope, \u00e9pouse d&#8217;Ulysse, m\u00e8re de T\u00e9l\u00e9maque. Lorsqu&#8217; elle ose, un jour, s\u2019adresser aux invit\u00e9s \u2013 son mari est en voyage d&#8217;aventure \u2013 elle est renvoy\u00e9e \u00e0 la cuisine par son fils adolescent avec les mots suivants : &#8220;La parole appartient aux hommes&#8221; (Mary Beard, <em>Les femmes et le pouvoir<\/em>).<\/p>\n\n\n\n<p>Avec deux semaines de cong\u00e9 paternit\u00e9 obligatoire, Ulysse n&#8217;aurait certainement pas donn\u00e9 un exemple radicalement diff\u00e9rent \u00e0 son fils. Mais s&#8217;il avait d\u00fb changer les couches du petit T\u00e9l\u00e9maque de temps en temps, ne se serait-il pas pos\u00e9 la question suivante : seules les femmes peuvent donner naissance \u00e0 un enfant, certes, mais quelle loi les contraint en plus \u00e0 assumer les travaux domestiques&nbsp;? Cette r\u00e9flexion pourrait \u00eatre initi\u00e9e par un p\u00e8re ou l&#8217;autre \u00e0 l\u2019occasion de ces deux semaines de cong\u00e9 paternit\u00e9, en voyant sa chemise tach\u00e9e de lait.<\/p>\n\n\n\n<p>Il serait temps de commencer \u00e0 rembourser cette dette honteuse. En disant oui au cong\u00e9 de paternit\u00e9, nous faisons un pas dans ce sens.<\/p>\n\n\n\n<p>Jer\u00f4me&nbsp;Lechot, Candidat pour le Conseil de Ville PS<\/p>\n","protected":false},"excerpt":{"rendered":"<p>Il n&#8217;est pas si facile de se d\u00e9barrasser de cette histoire vieille de trois mille ans, qui a commenc\u00e9 dans la Gr\u00e8ce antique et qui, depuis lors, paralyse nos esprits [&hellip;]<\/p>\n","protected":false},"author":56,"featured_media":1893,"comment_status":"closed","ping_status":"closed","sticky":false,"template":"","format":"standard","meta":{"footnotes":""},"categories":[2],"tags":[],"cpt-channel":[],"class_list":["post-1896","post","type-post","status-publish","format-standard","has-post-thumbnail","hentry","category-non-classifiee"],"_links":{"self":[{"href":"https:\/\/sp-ps-biel-bienne.ch\/fr\/wp-json\/wp\/v2\/posts\/1896","targetHints":{"allow":["GET"]}}],"collection":[{"href":"https:\/\/sp-ps-biel-bienne.ch\/fr\/wp-json\/wp\/v2\/posts"}],"about":[{"href":"https:\/\/sp-ps-biel-bienne.ch\/fr\/wp-json\/wp\/v2\/types\/post"}],"author":[{"embeddable":true,"href":"https:\/\/sp-ps-biel-bienne.ch\/fr\/wp-json\/wp\/v2\/users\/56"}],"replies":[{"embeddable":true,"href":"https:\/\/sp-ps-biel-bienne.ch\/fr\/wp-json\/wp\/v2\/comments?post=1896"}],"version-history":[{"count":0,"href":"https:\/\/sp-ps-biel-bienne.ch\/fr\/wp-json\/wp\/v2\/posts\/1896\/revisions"}],"wp:featuredmedia":[{"embeddable":true,"href":"https:\/\/sp-ps-biel-bienne.ch\/fr\/wp-json\/wp\/v2\/media\/1893"}],"wp:attachment":[{"href":"https:\/\/sp-ps-biel-bienne.ch\/fr\/wp-json\/wp\/v2\/media?parent=1896"}],"wp:term":[{"taxonomy":"category","embeddable":true,"href":"https:\/\/sp-ps-biel-bienne.ch\/fr\/wp-json\/wp\/v2\/categories?post=1896"},{"taxonomy":"post_tag","embeddable":true,"href":"https:\/\/sp-ps-biel-bienne.ch\/fr\/wp-json\/wp\/v2\/tags?post=1896"},{"taxonomy":"cpt-channel","embeddable":true,"href":"https:\/\/sp-ps-biel-bienne.ch\/fr\/wp-json\/wp\/v2\/cpt-channel?post=1896"}],"curies":[{"name":"wp","href":"https:\/\/api.w.org\/{rel}","templated":true}]}}