{"id":1875,"date":"2020-09-03T17:09:44","date_gmt":"2020-09-03T17:09:44","guid":{"rendered":"https:\/\/sp-ps-biel-bienne.ch\/?p=1875"},"modified":"2020-09-03T17:09:44","modified_gmt":"2020-09-03T17:09:44","slug":"oui-a-la-proposition-plan-de-quartier-rue-jakob-sud","status":"publish","type":"post","link":"https:\/\/sp-ps-biel-bienne.ch\/fr\/blog\/2020\/09\/03\/oui-a-la-proposition-plan-de-quartier-rue-jakob-sud\/","title":{"rendered":"Oui \u00e0 la proposition \u00ab plan de quartier Rue Jakob sud \u00bb !"},"content":{"rendered":"\n<p>Avec un&nbsp;\u00ab&nbsp;Oui&nbsp;\u00bb \u00e0 cette proposition, un d\u00e9veloppement de haute qualit\u00e9 et l\u00e9galement r\u00e9glement\u00e9 sera ainsi d\u00e9termin\u00e9. Cela excluera non seulement l\u2019empi\u00e8tement sur les zones constructibles et les espaces ouverts, mais d\u00e9finira \u00e9galement de mani\u00e8re contraignante l&#8217;utilisation, le nombre d&#8217;\u00e9tages et la forme d&#8217;expression de la future zone d\u2019habitation.<\/p>\n\n\n\n<p>Quiconque construira et investira \u00e0 l&#8217;avenir devra respecter les r\u00e8gles \u00e9tablies dans ce plan de quartier. Une structure ordonn\u00e9e est ainsi cr\u00e9\u00e9e, elle \u00e9vitera une jungle al\u00e9atoire pour un endroit o\u00f9 il fait bon vivre et de grande qualit\u00e9\u2026 C\u2019est une bonne chose&nbsp;!<\/p>\n\n\n\n<p>Ce qui ne serait pas possible sans un plan de quartier pr\u00e9alablement d\u00e9termin\u00e9 !<\/p>\n\n\n\n<p>C&#8217;est pourquoi le PS soutient cette proposition avec un grand \u00ab&nbsp;OUI&nbsp;\u00bb! &#8211; Un &#8220;oui&#8221; pour l&#8217;avenir, pour la qualit\u00e9 de vie de ce quartier pour notre descendance et les prochaines g\u00e9n\u00e9rations !<\/p>\n\n\n\n<p>Urs K\u00fclling, Conseiller de ville PS<\/p>\n","protected":false},"excerpt":{"rendered":"<p>Avec un&nbsp;\u00ab&nbsp;Oui&nbsp;\u00bb \u00e0 cette proposition, un d\u00e9veloppement de haute qualit\u00e9 et l\u00e9galement r\u00e9glement\u00e9 sera ainsi d\u00e9termin\u00e9. Cela excluera non seulement l\u2019empi\u00e8tement sur les zones constructibles et les espaces ouverts, mais [&hellip;]<\/p>\n","protected":false},"author":56,"featured_media":826,"comment_status":"closed","ping_status":"closed","sticky":false,"template":"","format":"standard","meta":{"footnotes":""},"categories":[2],"tags":[],"cpt-channel":[],"class_list":["post-1875","post","type-post","status-publish","format-standard","has-post-thumbnail","hentry","category-non-classifiee"],"_links":{"self":[{"href":"https:\/\/sp-ps-biel-bienne.ch\/fr\/wp-json\/wp\/v2\/posts\/1875","targetHints":{"allow":["GET"]}}],"collection":[{"href":"https:\/\/sp-ps-biel-bienne.ch\/fr\/wp-json\/wp\/v2\/posts"}],"about":[{"href":"https:\/\/sp-ps-biel-bienne.ch\/fr\/wp-json\/wp\/v2\/types\/post"}],"author":[{"embeddable":true,"href":"https:\/\/sp-ps-biel-bienne.ch\/fr\/wp-json\/wp\/v2\/users\/56"}],"replies":[{"embeddable":true,"href":"https:\/\/sp-ps-biel-bienne.ch\/fr\/wp-json\/wp\/v2\/comments?post=1875"}],"version-history":[{"count":0,"href":"https:\/\/sp-ps-biel-bienne.ch\/fr\/wp-json\/wp\/v2\/posts\/1875\/revisions"}],"wp:featuredmedia":[{"embeddable":true,"href":"https:\/\/sp-ps-biel-bienne.ch\/fr\/wp-json\/wp\/v2\/media\/826"}],"wp:attachment":[{"href":"https:\/\/sp-ps-biel-bienne.ch\/fr\/wp-json\/wp\/v2\/media?parent=1875"}],"wp:term":[{"taxonomy":"category","embeddable":true,"href":"https:\/\/sp-ps-biel-bienne.ch\/fr\/wp-json\/wp\/v2\/categories?post=1875"},{"taxonomy":"post_tag","embeddable":true,"href":"https:\/\/sp-ps-biel-bienne.ch\/fr\/wp-json\/wp\/v2\/tags?post=1875"},{"taxonomy":"cpt-channel","embeddable":true,"href":"https:\/\/sp-ps-biel-bienne.ch\/fr\/wp-json\/wp\/v2\/cpt-channel?post=1875"}],"curies":[{"name":"wp","href":"https:\/\/api.w.org\/{rel}","templated":true}]}}