{"id":90776,"global_id":"sp-ps-biel-bienne.ch\/fr\/?id=90776","global_id_lineage":["sp-ps-biel-bienne.ch\/fr\/?id=90776"],"author":"120","status":"publish","date":"2025-12-04 12:59:07","date_utc":"2025-12-04 11:59:07","modified":"2025-12-04 13:00:08","modified_utc":"2025-12-04 12:00:08","url":"https:\/\/sp-ps-biel-bienne.ch\/fr\/agenda\/assemblee-generale-3\/","rest_url":"https:\/\/sp-ps-biel-bienne.ch\/fr\/wp-json\/tribe\/events\/v1\/events\/90776","title":"Assembl\u00e9e g\u00e9n\u00e9rale","description":"","excerpt":"","slug":"assemblee-generale-3","image":false,"all_day":false,"start_date":"2026-09-02 19:00:00","start_date_details":{"year":"2026","month":"09","day":"02","hour":"19","minutes":"00","seconds":"00"},"end_date":"2026-09-02 22:00:00","end_date_details":{"year":"2026","month":"09","day":"02","hour":"22","minutes":"00","seconds":"00"},"utc_start_date":"2026-09-02 17:00:00","utc_start_date_details":{"year":"2026","month":"09","day":"02","hour":"17","minutes":"00","seconds":"00"},"utc_end_date":"2026-09-02 20:00:00","utc_end_date_details":{"year":"2026","month":"09","day":"02","hour":"20","minutes":"00","seconds":"00"},"timezone":"Europe\/Zurich","timezone_abbr":"CEST","cost":"","cost_details":{"currency_symbol":".-","currency_code":"","currency_position":"","values":[]},"website":"https:\/\/sp-ps-biel-bienne.ch\/fr\/agenda\/assemblee-generale-3\/","show_map":false,"show_map_link":true,"hide_from_listings":false,"sticky":false,"featured":false,"categories":[],"tags":[],"venue":[],"organizer":[],"custom_fields":[],"json_ld":{"@context":"http:\/\/schema.org","@type":"Event","name":"Assembl\u00e9e g\u00e9n\u00e9rale","description":"","url":"https:\/\/sp-ps-biel-bienne.ch\/fr\/agenda\/assemblee-generale-3\/","eventAttendanceMode":"https:\/\/schema.org\/OfflineEventAttendanceMode","eventStatus":"https:\/\/schema.org\/EventScheduled","startDate":"2026-09-02T19:00:00+02:00","endDate":"2026-09-02T22:00:00+02:00","performer":"Organization"},"is_virtual":false,"virtual_url":null,"virtual_video_source":""}